{"id":266,"date":"2019-07-27T15:10:20","date_gmt":"2019-07-27T13:10:20","guid":{"rendered":"http:\/\/cfs72.fr\/?p=266"},"modified":"2020-09-20T13:40:22","modified_gmt":"2020-09-20T11:40:22","slug":"dps-circuit-bugatti-le-mans","status":"publish","type":"post","link":"https:\/\/cfs72.fr\/index.php\/2019\/07\/27\/dps-circuit-bugatti-le-mans\/","title":{"rendered":"DPS &#8211; circuit bugatti Le Mans"},"content":{"rendered":"\n\t\t<style type=\"text\/css\">\n\t\t\t#gallery-1 {\n\t\t\t\tmargin: auto;\n\t\t\t}\n\t\t\t#gallery-1 .gallery-item {\n\t\t\t\tfloat: left;\n\t\t\t\tmargin-top: 10px;\n\t\t\t\ttext-align: center;\n\t\t\t\twidth: 50%;\n\t\t\t}\n\t\t\t#gallery-1 img {\n\t\t\t\tborder: 2px solid #cfcfcf;\n\t\t\t}\n\t\t\t#gallery-1 .gallery-caption {\n\t\t\t\tmargin-left: 0;\n\t\t\t}\n\t\t\t\/* see gallery_shortcode() in wp-includes\/media.php *\/\n\t\t<\/style>\n\t\t<div id='gallery-1' class='gallery galleryid-266 gallery-columns-2 gallery-size-large'><dl class='gallery-item'>\n\t\t\t<dt class='gallery-icon landscape'>\n\t\t\t\t<a href='https:\/\/cfs72.fr\/index.php\/2019\/07\/27\/dps-circuit-bugatti-le-mans\/img-1608\/#main'><img loading=\"lazy\" decoding=\"async\" width=\"720\" height=\"540\" src=\"https:\/\/cfs72.fr\/wp-content\/uploads\/2019\/07\/IMG-1608-1024x768.jpg\" class=\"attachment-large size-large\" alt=\"\" srcset=\"https:\/\/cfs72.fr\/wp-content\/uploads\/2019\/07\/IMG-1608-1024x768.jpg 1024w, https:\/\/cfs72.fr\/wp-content\/uploads\/2019\/07\/IMG-1608-300x225.jpg 300w, https:\/\/cfs72.fr\/wp-content\/uploads\/2019\/07\/IMG-1608-768x576.jpg 768w\" sizes=\"auto, (max-width: 720px) 100vw, 720px\" \/><\/a>\n\t\t\t<\/dt><\/dl>\n\t\t\t<br style='clear: both' \/>\n\t\t<\/div>\n\n<h2 style=\"text-align: center;\">Le week end du 20 Juillet 2019, \u00e0 l&rsquo;occasion d&rsquo;un week end d&rsquo;\u00e9preuves moto, nous avons pu f\u00eater la premi\u00e8re mise en service de notre nouveau VPSP. Merci \u00e0 tout nos b\u00e9n\u00e9voles, sans qui rien ne serait possible!<\/h2>\n","protected":false},"excerpt":{"rendered":"<p>Le week end du 20 Juillet 2019, \u00e0 l&rsquo;occasion d&rsquo;un week end d&rsquo;\u00e9preuves moto, nous avons pu f\u00eater la premi\u00e8re mise en service de notre nouveau VPSP. Merci \u00e0 tout nos b\u00e9n\u00e9voles, sans qui rien ne serait possible!<\/p>\n","protected":false},"author":1,"featured_media":253,"comment_status":"closed","ping_status":"closed","sticky":false,"template":"","format":"standard","meta":{"footnotes":""},"categories":[3],"tags":[],"class_list":{"0":"post-266","1":"post","2":"type-post","3":"status-publish","4":"format-standard","5":"has-post-thumbnail","6":"hentry","7":"category-dps","9":"post-with-thumbnail","10":"post-with-thumbnail-large"},"_links":{"self":[{"href":"https:\/\/cfs72.fr\/index.php\/wp-json\/wp\/v2\/posts\/266","targetHints":{"allow":["GET"]}}],"collection":[{"href":"https:\/\/cfs72.fr\/index.php\/wp-json\/wp\/v2\/posts"}],"about":[{"href":"https:\/\/cfs72.fr\/index.php\/wp-json\/wp\/v2\/types\/post"}],"author":[{"embeddable":true,"href":"https:\/\/cfs72.fr\/index.php\/wp-json\/wp\/v2\/users\/1"}],"replies":[{"embeddable":true,"href":"https:\/\/cfs72.fr\/index.php\/wp-json\/wp\/v2\/comments?post=266"}],"version-history":[{"count":4,"href":"https:\/\/cfs72.fr\/index.php\/wp-json\/wp\/v2\/posts\/266\/revisions"}],"predecessor-version":[{"id":469,"href":"https:\/\/cfs72.fr\/index.php\/wp-json\/wp\/v2\/posts\/266\/revisions\/469"}],"wp:featuredmedia":[{"embeddable":true,"href":"https:\/\/cfs72.fr\/index.php\/wp-json\/wp\/v2\/media\/253"}],"wp:attachment":[{"href":"https:\/\/cfs72.fr\/index.php\/wp-json\/wp\/v2\/media?parent=266"}],"wp:term":[{"taxonomy":"category","embeddable":true,"href":"https:\/\/cfs72.fr\/index.php\/wp-json\/wp\/v2\/categories?post=266"},{"taxonomy":"post_tag","embeddable":true,"href":"https:\/\/cfs72.fr\/index.php\/wp-json\/wp\/v2\/tags?post=266"}],"curies":[{"name":"wp","href":"https:\/\/api.w.org\/{rel}","templated":true}]}}